{"id":255,"date":"2005-12-04T22:14:02","date_gmt":"2005-12-04T21:14:02","guid":{"rendered":"http:\/\/www.clausmoser.com\/?p=255"},"modified":"2005-12-04T22:14:02","modified_gmt":"2005-12-04T21:14:02","slug":"der-krieg-in-den-vorstadten","status":"publish","type":"post","link":"http:\/\/clausmoser.de\/blog\/2005\/12\/04\/der-krieg-in-den-vorstadten\/","title":{"rendered":"Der Krieg in den Vorst\u00e4dten"},"content":{"rendered":"<p>Die spanische Zeitung <a href=\"http:\/\/www.elpais.es\/\">El Pa\u00eds<\/a> bringt (leider nicht online) einen lesenswerten Artikel des franz\u00f6sischen Architekten Fran\u00e7ois Charlin \u00fcber die Novemberunruhen in den Banlieues von Paris. Charlin analysiert die Unruhen aus urbanistischer Sicht, und sieht in ihnen die Konsequenz einer gescheiterten St\u00e4dteplanung.<!--more--><\/p>\n<p>In der Technik-Euphorie der Nachkriegsjahre galten die Banlieues noch als urbane Umsetzung <em>\u00e9galit\u00e9<\/em>. \u00c4rgerlich nur, dass die m\u00fcndigen <em>citoyens<\/em>, die da in die sch\u00f6nen neuen Wohnblocks zogen, irgendwann den Pfusch am Bau satt hatten, und die unmittelbare Nachbarschaft aus Hochspannungsleitungen, Eisenbahnlinien und Gewerbegebieten. Wer genug gespart hatte, zog wieder weg und kaufte sich ein H\u00e4uschen im Gr\u00fcnen.<\/p>\n<p>Schon Ende der Siebziger fuhr die Abri\u00dfbirne durch die Vorst\u00e4dte und demolierte die Utopie einer sch\u00f6nen neuen Welt der Rationalit\u00e4t und Gleichheit. In den H\u00e4usern, die nicht sofort abgerissen wurden, wohnten l\u00e4ngst die \u00c4rmeren, und f\u00fcr die lohnte es sich nicht, die maroden Vorst\u00e4dte zu renovieren: Die alte Utopie wurde abgerissen, aber an ihrer Stelle keine koh\u00e4rente neue Vision aufgebaut, schlie\u00dflich waren alle postmodern geworden, gro\u00dfe Theorie- und Wohngeb\u00e4ude wollte da keiner mehr in die Welt stellen.<\/p>\n<p>Ist die zerst\u00f6rerische Wut, mit der die jugendlichen Banden durch die Vorst\u00e4dte fegten, und die man oft als nihilistisch bezeichnet hat, nur ein Nachklang der konzeptlosen Destruktion, mit der die St\u00e4dteplaner in den Achtzigern und Neunzigern die einstmals gefeierten Blocks wieder dem Erdboden gleichmachten? Der Furor richtete sich vor allem gegen staatliche Einrichtungen, aber auch gegen kleine Gesch\u00e4fte und Caf\u00e9s, von den zahllosen brennenden Autos nicht zu reden, also gegen alles, was f\u00fcr ein wenig Infrastruktur steht, f\u00fcr System und Mobilit\u00e4t. Also alles das, was die offizielle Politik selbst St\u00fcck um St\u00fcck aus den Vorst\u00e4dten zur\u00fcckgezogen hat: Als ob die Jugendlichen noch die letzten Reste davon zertr\u00fcmmern wollten.<\/p>\n<p>Andererseits gibt es grade in der Hip-Hop-Kultur (auf die ja auch immer wieder verwiesen wurde) eine fast romantische, kleinb\u00fcrgerliche Vorstellung vom Kiez als Heimat. Daf\u00fcr braucht man gar nicht \u00fcber die Grenze zu schauen: Was ist Sidos &#8222;Mein Block&#8220; anderes als ein fast liebenswerter Versuch, den Sozialbau als kleines Dorf umzudeuten, ein proletarisches Update von &#8222;Diesem ehrenwerten Haus&#8220; sozusagen?<\/p>\n","protected":false},"excerpt":{"rendered":"<p>Die spanische Zeitung El Pa\u00eds bringt (leider nicht online) einen lesenswerten Artikel des franz\u00f6sischen Architekten Fran\u00e7ois Charlin \u00fcber die Novemberunruhen in den Banlieues von Paris. Charlin analysiert die Unruhen aus urbanistischer Sicht, und sieht in ihnen die Konsequenz einer gescheiterten St\u00e4dteplanung.<\/p>\n","protected":false},"author":1,"featured_media":0,"comment_status":"open","ping_status":"open","sticky":false,"template":"","format":"standard","meta":{"footnotes":""},"categories":[],"tags":[],"class_list":["post-255","post","type-post","status-publish","format-standard","hentry"],"_links":{"self":[{"href":"http:\/\/clausmoser.de\/blog\/wp-json\/wp\/v2\/posts\/255","targetHints":{"allow":["GET"]}}],"collection":[{"href":"http:\/\/clausmoser.de\/blog\/wp-json\/wp\/v2\/posts"}],"about":[{"href":"http:\/\/clausmoser.de\/blog\/wp-json\/wp\/v2\/types\/post"}],"author":[{"embeddable":true,"href":"http:\/\/clausmoser.de\/blog\/wp-json\/wp\/v2\/users\/1"}],"replies":[{"embeddable":true,"href":"http:\/\/clausmoser.de\/blog\/wp-json\/wp\/v2\/comments?post=255"}],"version-history":[{"count":0,"href":"http:\/\/clausmoser.de\/blog\/wp-json\/wp\/v2\/posts\/255\/revisions"}],"wp:attachment":[{"href":"http:\/\/clausmoser.de\/blog\/wp-json\/wp\/v2\/media?parent=255"}],"wp:term":[{"taxonomy":"category","embeddable":true,"href":"http:\/\/clausmoser.de\/blog\/wp-json\/wp\/v2\/categories?post=255"},{"taxonomy":"post_tag","embeddable":true,"href":"http:\/\/clausmoser.de\/blog\/wp-json\/wp\/v2\/tags?post=255"}],"curies":[{"name":"wp","href":"https:\/\/api.w.org\/{rel}","templated":true}]}}