{"id":256,"date":"2005-12-04T23:06:42","date_gmt":"2005-12-04T22:06:42","guid":{"rendered":"http:\/\/www.clausmoser.com\/?p=256"},"modified":"2005-12-04T23:06:42","modified_gmt":"2005-12-04T22:06:42","slug":"zwei-dutzend-golfplatze","status":"publish","type":"post","link":"http:\/\/clausmoser.de\/blog\/2005\/12\/04\/zwei-dutzend-golfplatze\/","title":{"rendered":"Zwei Dutzend Golfpl\u00e4tze"},"content":{"rendered":"<p>Wer eine der wenigen noch unber\u00fchrten K\u00fcstenlandschaften des Mittelmeers besichtigen will, mu\u00df sich beeilen: Der Bau-Boom in Spanien droht auch die K\u00fcste zwischen Almer\u00eda und Cartagena zu erfassen, berichtet <a href=\"http:\/\/www.elpais.es\/articulo\/elpepiesp\/20051203elpepinac_2\/Tes\/Murcia%20y%20Almer%EDa%20planean%20500.000%20casas%20en%20el%20principal%20litoral%20virgen%20mediterr%E1neo?print=1\">El Pa\u00eds<\/a>. Eine neue Mautstra\u00dfe soll durchs Hinterland gebaut werden und damit die Infrastruktur f\u00fcr den Bau von 500.000 neuen H\u00e4usern und sage und schreibe <a href=\"https:\/\/mipais2.elpais.es\/articulo\/elpporesp\/20051203elpepinac_5\/Tes\/campo\/golf\/mitad\/litoral\/Moj%C3%A1car\">25 Golfpl\u00e4tzen<\/a> bieten.<!--more--><\/p>\n<p>Die Region ist von Immobilienspekulanten lange wenig beachtet worden: Die n\u00e4chsten Gro\u00dfst\u00e4dte sind Almer\u00eda und Murcia, von dort sind aber andere K\u00fcstenabschnitte schneller zu erreichen. Au\u00dferdem ist die Gegend besonders von Versteppung und Wassermangel betroffen.<\/p>\n<p>Probleme, die durch die geplanten Bauprojekte eher noch verst\u00e4rkt werden. Andere k\u00f6nnten hinzukommen: Die Einwohnerzahl der Gemeinden k\u00f6nnte sich in wenigen Jahren vervierfachen, damit w\u00fcrde sich aber auch die Bev\u00f6lkerungsstruktur radikal ver\u00e4ndern.<\/p>\n<p>Widerstand gibt es bisher nur von einigen B\u00fcrgerinitiativen. Das spanische Umweltministerium gibt sich machtlos: Kontrolle habe man nur \u00fcber den unmittelbaren Strandbereich von etwa 150 Metern Breite; f\u00fcr alles andere seien die Gemeinden zust\u00e4ndig. <\/p>\n<p>Es ist aber auch nicht zu \u00fcbersehen, dass von den B\u00fcrgermeistern, die die Bauprojekte vorantreiben, einige der Regierungspartei PSOE angeh\u00f6ren. Und die Stadtv\u00e4ter hoffen vor allem auf einen Tourismus-Boom in der Region. Welche Touristen da kommen sollen, dar\u00fcber scheint es aber kaum klare Vorstellungen zu geben. Wer soll von den zwei Dutzend Golfpl\u00e4tzen angelockt werden? Wohlhabende Touristen suchen sich eher individualistische Ziele, und der Massentourismus geht dahin, wo&#8217;s billig ist und schert sich nicht um ein schickes Green. <\/p>\n","protected":false},"excerpt":{"rendered":"<p>Wer eine der wenigen noch unber\u00fchrten K\u00fcstenlandschaften des Mittelmeers besichtigen will, mu\u00df sich beeilen: Der Bau-Boom in Spanien droht auch die K\u00fcste zwischen Almer\u00eda und Cartagena zu erfassen, berichtet El Pa\u00eds. Eine neue Mautstra\u00dfe soll durchs Hinterland gebaut werden und damit die Infrastruktur f\u00fcr den Bau von 500.000 neuen H\u00e4usern und sage und schreibe 25 [&hellip;]<\/p>\n","protected":false},"author":1,"featured_media":0,"comment_status":"open","ping_status":"open","sticky":false,"template":"","format":"standard","meta":{"footnotes":""},"categories":[],"tags":[],"class_list":["post-256","post","type-post","status-publish","format-standard","hentry"],"_links":{"self":[{"href":"http:\/\/clausmoser.de\/blog\/wp-json\/wp\/v2\/posts\/256","targetHints":{"allow":["GET"]}}],"collection":[{"href":"http:\/\/clausmoser.de\/blog\/wp-json\/wp\/v2\/posts"}],"about":[{"href":"http:\/\/clausmoser.de\/blog\/wp-json\/wp\/v2\/types\/post"}],"author":[{"embeddable":true,"href":"http:\/\/clausmoser.de\/blog\/wp-json\/wp\/v2\/users\/1"}],"replies":[{"embeddable":true,"href":"http:\/\/clausmoser.de\/blog\/wp-json\/wp\/v2\/comments?post=256"}],"version-history":[{"count":0,"href":"http:\/\/clausmoser.de\/blog\/wp-json\/wp\/v2\/posts\/256\/revisions"}],"wp:attachment":[{"href":"http:\/\/clausmoser.de\/blog\/wp-json\/wp\/v2\/media?parent=256"}],"wp:term":[{"taxonomy":"category","embeddable":true,"href":"http:\/\/clausmoser.de\/blog\/wp-json\/wp\/v2\/categories?post=256"},{"taxonomy":"post_tag","embeddable":true,"href":"http:\/\/clausmoser.de\/blog\/wp-json\/wp\/v2\/tags?post=256"}],"curies":[{"name":"wp","href":"https:\/\/api.w.org\/{rel}","templated":true}]}}