{"id":261,"date":"2005-12-07T02:59:51","date_gmt":"2005-12-07T01:59:51","guid":{"rendered":"http:\/\/www.clausmoser.com\/?p=261"},"modified":"2005-12-07T02:59:51","modified_gmt":"2005-12-07T01:59:51","slug":"der-letzte-jump-des-erzengels","status":"publish","type":"post","link":"http:\/\/clausmoser.de\/blog\/2005\/12\/07\/der-letzte-jump-des-erzengels\/","title":{"rendered":"Der letzte Jump des Erzengels"},"content":{"rendered":"<p>Charly Gaul, der &#8222;Erzengel der Berge&#8220;, geh\u00f6rt zu der Kategorie von Radsportlern, deren Heldentaten nie im Fernsehen zu sehen waren. Um so gro\u00dfartiger und mythischer kann man sie in der Schilderung aufleben lassen: Der Kampf gegen den Schneesturm am Monte Bordone, die Hetzjagd mit Louison Bobet am Mont Ventoux, die Regenschlacht zwischen Brian\u00e7on und Aix-les-Bains.<!--more--> Was f\u00fcr ein Held, und noch dazu aus einem winzigen Herzogtum, das au\u00dfer einem geborgten Skifahrer wenig sportliche Heroen aufzuweisen hat.<\/p>\n<p>Logisch, dass Gaul auch in Barthes&#8216; Essay zur Tour de France vorkommt, und die Anmerkungen dort sind eine w\u00fcrdige Hommage:<\/p>\n<blockquote><p>Die Tour praktiziert im Allgemeinen eine Energetik des Geistes. Die Kraft, \u00fcber die der Fahrer verf\u00fcgt, um der vermenschlichten Erde gegen\u00fcberzutreten, kann zwei Aspekte annehmen: Die <em>Form<\/em> einerseits, die eher ein Zustand ist als ein Schwung, und ein ausgewogenes Gleichgewicht zwischen der Qualit\u00e4t der Muskeln, der Sch\u00e4rfe der Intelligenz und dem Willen des Charakters, und der <em>Jump<\/em> andererseits, ein veritabler Zustrom elektrischer Energie, der wie ein Blitzschlag manche von Gott geliebten Fahrer trifft und sie \u00fcbermenschliche Taten vollbringen l\u00e4\u00dft. Der <em>Jump<\/em> setzt eine \u00fcbernat\u00fcrliche Ordnung voraus, die einen Menschen nur so viel Erfolg haben l\u00e4\u00dft, wie ein Gott ihm dabei hilft: Um den <em>Jump<\/em> bat die Mutter von Brankart bei der Heiligen Jungfrau, in der Kathedrale von Chartres, und Charly Gaul, der herausragendste G\u00fcnstling der Gnade, ist ein Spezialist des <em>Jump<\/em>: Er bekommt seine Elektrizit\u00e4t durch einen Zwischenhandel mit den G\u00f6ttern: manchmal wird er von den G\u00f6ttern besessen und er leistet Hervorragendes: manchmal verlassen ihn die G\u00f6tter, der <em>Jump<\/em> ist matt. Charly bringt nichts Gutes mehr zustande.<\/p><\/blockquote>\n<p>Am Dienstag hat der Erzengel seinen letzten <em>Jump<\/em> getan. Aber die G\u00f6tter waren da grade abwesend. Messieurs, erheben wir uns von den Pl\u00e4tzen.<\/p>\n","protected":false},"excerpt":{"rendered":"<p>Charly Gaul, der &#8222;Erzengel der Berge&#8220;, geh\u00f6rt zu der Kategorie von Radsportlern, deren Heldentaten nie im Fernsehen zu sehen waren. Um so gro\u00dfartiger und mythischer kann man sie in der Schilderung aufleben lassen: Der Kampf gegen den Schneesturm am Monte Bordone, die Hetzjagd mit Louison Bobet am Mont Ventoux, die Regenschlacht zwischen Brian\u00e7on und Aix-les-Bains.<\/p>\n","protected":false},"author":1,"featured_media":0,"comment_status":"open","ping_status":"open","sticky":false,"template":"","format":"standard","meta":{"footnotes":""},"categories":[],"tags":[],"class_list":["post-261","post","type-post","status-publish","format-standard","hentry"],"_links":{"self":[{"href":"http:\/\/clausmoser.de\/blog\/wp-json\/wp\/v2\/posts\/261","targetHints":{"allow":["GET"]}}],"collection":[{"href":"http:\/\/clausmoser.de\/blog\/wp-json\/wp\/v2\/posts"}],"about":[{"href":"http:\/\/clausmoser.de\/blog\/wp-json\/wp\/v2\/types\/post"}],"author":[{"embeddable":true,"href":"http:\/\/clausmoser.de\/blog\/wp-json\/wp\/v2\/users\/1"}],"replies":[{"embeddable":true,"href":"http:\/\/clausmoser.de\/blog\/wp-json\/wp\/v2\/comments?post=261"}],"version-history":[{"count":0,"href":"http:\/\/clausmoser.de\/blog\/wp-json\/wp\/v2\/posts\/261\/revisions"}],"wp:attachment":[{"href":"http:\/\/clausmoser.de\/blog\/wp-json\/wp\/v2\/media?parent=261"}],"wp:term":[{"taxonomy":"category","embeddable":true,"href":"http:\/\/clausmoser.de\/blog\/wp-json\/wp\/v2\/categories?post=261"},{"taxonomy":"post_tag","embeddable":true,"href":"http:\/\/clausmoser.de\/blog\/wp-json\/wp\/v2\/tags?post=261"}],"curies":[{"name":"wp","href":"https:\/\/api.w.org\/{rel}","templated":true}]}}