{"id":290,"date":"2005-12-16T14:20:56","date_gmt":"2005-12-16T13:20:56","guid":{"rendered":"http:\/\/www.clausmoser.com\/?p=290"},"modified":"2005-12-16T14:20:56","modified_gmt":"2005-12-16T13:20:56","slug":"die-times-uber-kraus","status":"publish","type":"post","link":"http:\/\/clausmoser.de\/blog\/2005\/12\/16\/die-times-uber-kraus\/","title":{"rendered":"Die Times \u00fcber Kraus"},"content":{"rendered":"<p>Der irische Literaturhistoriker hat einen neuen Band seiner Studie \u00fcber Karl Kraus ver\u00f6ffentlicht, und George Steiner nimmt das in der <a href=\"http:\/\/tls.timesonline.co.uk\/article\/0,,25336-1914702,00.html\">Times<\/a> zum Anla\u00df f\u00fcr eine ausf\u00fchrlichere und intelligente Zusammenfassung dessen, was Kraus&#8216; Werk ausmacht. Hier und da schl\u00e4gt nur ein etwas merkw\u00fcrdiges Pathos durch: &#8222;The cance of prophecy lies deep in Jewish sensibility&#8220;, na ja. Aber was recht gut getroffen ist, das ist der eine Aspekt, den Reich-Ranicki nie kapieren will, n\u00e4mlich die mikroskophische &#8222;Philologie der Ironie und Rache&#8220;, das Abarbeiten am kleinen Detail, um das gro\u00dfe Ganze freizulegen. Und auch das scheinbar dialektische Paradox, dass die Kleinarbeit ins epische Breite ausufern konnte, bis hin zum gigantischen Abschlachtgem\u00e4lde der <em>Letzten Tage der Menschheit<\/em>, das ist sehr richtig beobachtet.<\/p>\n","protected":false},"excerpt":{"rendered":"<p>Der irische Literaturhistoriker hat einen neuen Band seiner Studie \u00fcber Karl Kraus ver\u00f6ffentlicht, und George Steiner nimmt das in der Times zum Anla\u00df f\u00fcr eine ausf\u00fchrlichere und intelligente Zusammenfassung dessen, was Kraus&#8216; Werk ausmacht. Hier und da schl\u00e4gt nur ein etwas merkw\u00fcrdiges Pathos durch: &#8222;The cance of prophecy lies deep in Jewish sensibility&#8220;, na ja. [&hellip;]<\/p>\n","protected":false},"author":1,"featured_media":0,"comment_status":"open","ping_status":"open","sticky":false,"template":"","format":"standard","meta":{"footnotes":""},"categories":[],"tags":[],"class_list":["post-290","post","type-post","status-publish","format-standard","hentry"],"_links":{"self":[{"href":"http:\/\/clausmoser.de\/blog\/wp-json\/wp\/v2\/posts\/290","targetHints":{"allow":["GET"]}}],"collection":[{"href":"http:\/\/clausmoser.de\/blog\/wp-json\/wp\/v2\/posts"}],"about":[{"href":"http:\/\/clausmoser.de\/blog\/wp-json\/wp\/v2\/types\/post"}],"author":[{"embeddable":true,"href":"http:\/\/clausmoser.de\/blog\/wp-json\/wp\/v2\/users\/1"}],"replies":[{"embeddable":true,"href":"http:\/\/clausmoser.de\/blog\/wp-json\/wp\/v2\/comments?post=290"}],"version-history":[{"count":0,"href":"http:\/\/clausmoser.de\/blog\/wp-json\/wp\/v2\/posts\/290\/revisions"}],"wp:attachment":[{"href":"http:\/\/clausmoser.de\/blog\/wp-json\/wp\/v2\/media?parent=290"}],"wp:term":[{"taxonomy":"category","embeddable":true,"href":"http:\/\/clausmoser.de\/blog\/wp-json\/wp\/v2\/categories?post=290"},{"taxonomy":"post_tag","embeddable":true,"href":"http:\/\/clausmoser.de\/blog\/wp-json\/wp\/v2\/tags?post=290"}],"curies":[{"name":"wp","href":"https:\/\/api.w.org\/{rel}","templated":true}]}}