{"id":292,"date":"2005-12-17T21:11:13","date_gmt":"2005-12-17T20:11:13","guid":{"rendered":"http:\/\/www.clausmoser.com\/?p=292"},"modified":"2005-12-18T23:59:16","modified_gmt":"2005-12-18T22:59:16","slug":"romane-sind-nicht-unentbehrlich","status":"publish","type":"post","link":"http:\/\/clausmoser.de\/blog\/2005\/12\/17\/romane-sind-nicht-unentbehrlich\/","title":{"rendered":"&#8222;Romane sind nicht unentbehrlich&#8220;"},"content":{"rendered":"<p><img decoding=\"async\" align=\"left\" src=\"http:\/\/static.flickr.com\/9\/74490644_283d05578f_o.jpg\" alt=\"Jules Verne map\" \/><\/p>\n<p>Zum 100. Todestag von Jules Verne (war schon im M\u00e4rz) hat <a href=\"http:\/\/www.arte.tv\">Arte<\/a> ein sch\u00f6nes <a href=\"http:\/\/www.arte-tv.com\/static\/c4\/verne\/de\/index.html\">Special<\/a><br \/>\nins Netz gestellt: Eine Weltkarte auf der die &#8222;au\u00dfergew\u00f6hnlichen Reisen&#8220; aus den Romanen nachgezeichnet werden. Au\u00dferdem gibt es Illustrationen und kurze Ausz\u00fcge (die allerdings nur in der <a href=\"http:\/\/www.arte-tv.com\/static\/c4\/verne\/fr\/index.html\">franz\u00f6sischen Version<\/a>) und eine kleine ABC-Fibel mit Zitaten aus und zum Werk. Zum Beispiel diesem hier zum Stichwort <em>Antizipation<\/em>:<\/p>\n<blockquote><p>Ich glaube nicht, dass der Roman \u00fcberleben wird, jedenfalls nicht als gebundenes Buch. In f\u00fcnfzig Jahren wird die Tageszeitung, die schon heute grosse Bedeutung im Dasein der aufstebenden Nationen hat, ihn verdr\u00e4ngt haben. Romane sind nicht unentbehrlich.<\/p><\/blockquote>\n<p>Da verlinke ich doch noch mal gerne auf die <a href=\"http:\/\/www.gasl.org\/as\/referenz\/alles.php\">Arno-Schmidt-Referenzbibliothek<\/a>, wo man Vernes Diktum an \u00fcber einem Dutzend seiner eigenen Werke \u00fcberpr\u00fcfen kann, au\u00dferdem gibt&#8217;s da eine der ersten deutschen Verne-Biographien, die <a href=\"http:\/\/www.gasl.org\/refbib\/Popp__Verne.pdf\">von Max Popp<\/a> aus dem Jahr 1909 (als PDF).<\/p>\n","protected":false},"excerpt":{"rendered":"<p>Zum 100. Todestag von Jules Verne (war schon im M\u00e4rz) hat Arte ein sch\u00f6nes Special ins Netz gestellt: Eine Weltkarte auf der die &#8222;au\u00dfergew\u00f6hnlichen Reisen&#8220; aus den Romanen nachgezeichnet werden. Au\u00dferdem gibt es Illustrationen und kurze Ausz\u00fcge (die allerdings nur in der franz\u00f6sischen Version) und eine kleine ABC-Fibel mit Zitaten aus und zum Werk. Zum [&hellip;]<\/p>\n","protected":false},"author":1,"featured_media":0,"comment_status":"open","ping_status":"open","sticky":false,"template":"","format":"standard","meta":{"footnotes":""},"categories":[],"tags":[],"class_list":["post-292","post","type-post","status-publish","format-standard","hentry"],"_links":{"self":[{"href":"http:\/\/clausmoser.de\/blog\/wp-json\/wp\/v2\/posts\/292","targetHints":{"allow":["GET"]}}],"collection":[{"href":"http:\/\/clausmoser.de\/blog\/wp-json\/wp\/v2\/posts"}],"about":[{"href":"http:\/\/clausmoser.de\/blog\/wp-json\/wp\/v2\/types\/post"}],"author":[{"embeddable":true,"href":"http:\/\/clausmoser.de\/blog\/wp-json\/wp\/v2\/users\/1"}],"replies":[{"embeddable":true,"href":"http:\/\/clausmoser.de\/blog\/wp-json\/wp\/v2\/comments?post=292"}],"version-history":[{"count":0,"href":"http:\/\/clausmoser.de\/blog\/wp-json\/wp\/v2\/posts\/292\/revisions"}],"wp:attachment":[{"href":"http:\/\/clausmoser.de\/blog\/wp-json\/wp\/v2\/media?parent=292"}],"wp:term":[{"taxonomy":"category","embeddable":true,"href":"http:\/\/clausmoser.de\/blog\/wp-json\/wp\/v2\/categories?post=292"},{"taxonomy":"post_tag","embeddable":true,"href":"http:\/\/clausmoser.de\/blog\/wp-json\/wp\/v2\/tags?post=292"}],"curies":[{"name":"wp","href":"https:\/\/api.w.org\/{rel}","templated":true}]}}