{"id":293,"date":"2005-12-18T00:45:20","date_gmt":"2005-12-17T23:45:20","guid":{"rendered":"http:\/\/www.clausmoser.com\/?p=293"},"modified":"2005-12-18T14:29:34","modified_gmt":"2005-12-18T13:29:34","slug":"rettig-ist-raus","status":"publish","type":"post","link":"http:\/\/clausmoser.de\/blog\/2005\/12\/18\/rettig-ist-raus\/","title":{"rendered":"Rettig ist raus"},"content":{"rendered":"<p>Andreas Rettig hat die Brocken hingeschmissen, Rapolder <del datetime=\"2005-12-18T13:41:41+00:00\">wird m\u00f6glicherweise n\u00e4chste Woche folgen<\/del> auch. \u00dcberraschend kommt Rettigs Abgang ja nicht wirklich, aber damit hat der 1.FC K\u00f6ln neben der sportlichen Krise auch noch eine strukturelle am Bein.<!--more--><\/p>\n<p>Rettig wurde ja extra geholt, um die Chaosjahre beim FC ein f\u00fcr alle mal zu beenden: Der Verein drohte zum Auslaufmodell zu werden, Rettig sollte wieder eine solide, smarte und schnellstra\u00dfentaugliche Limousine draus machen, die irgendwann vielleicht sogar mal wieder zum Coup\u00e9 umger\u00fcstet werden k\u00f6nnte.<\/p>\n<p>Aber damit ist er vor die Wand gefahren, weil es vielleicht eben doch nicht so einfach ist, einen Sportverein nur mit einem betriebswirtschaftlichen ABC zu f\u00fchren. Vor drei Jahren sah das noch anders aus, da geh\u00f6rte Rettig f\u00fcr die <em>Zeit<\/em> zur <a href=\"http:\/\/www.zeit.de\/archiv\/2002\/16\/200216_neue_elite_7.xml\">Zeit<\/a> <em>neuen Elite<\/em>, weil er &#8222;die neue, noch immer viel zu rare Generation von Sportmanagern&#8220; repr\u00e4sentiere:<\/p>\n<blockquote><p>Sie sind vertraut mit den inneren Mechanismen ihrer Sportart, beherrschen die Grundkenntnisse der Betriebswirtschaft und sind firm im Marketinggesch\u00e4ft.<\/p><\/blockquote>\n<p>Die Kenntnisse mag er haben, aber diese drei Dinge unter einen Hut zu bringen und dann noch mit den inneren Mechanismen eines Vereins und einer Stadt zusammenzust\u00f6pseln, wo man sich insgeheim immer noch auf Augenh\u00f6he mit den big names sieht und nicht merkt, wie sehr man dabei schielt, das ist auch f\u00fcr so ein Betriebswirtschaftswunderkind wie Rettig nicht zu schaffen. Wie weit beim FC Selbstbild und Realit\u00e4t auseinanderliegen, hat man ja erst bei der <a href=\"?p=82\">Zypern-Aff\u00e4re<\/a> im Sommer wieder gemerkt. Sp\u00e4testens da mu\u00df Rettig klar gewesen sein, dass diese Saison eine Entscheidung fallen muss.<\/p>\n","protected":false},"excerpt":{"rendered":"<p>Andreas Rettig hat die Brocken hingeschmissen, Rapolder wird m\u00f6glicherweise n\u00e4chste Woche folgen auch. \u00dcberraschend kommt Rettigs Abgang ja nicht wirklich, aber damit hat der 1.FC K\u00f6ln neben der sportlichen Krise auch noch eine strukturelle am Bein.<\/p>\n","protected":false},"author":1,"featured_media":0,"comment_status":"open","ping_status":"open","sticky":false,"template":"","format":"standard","meta":{"footnotes":""},"categories":[],"tags":[],"class_list":["post-293","post","type-post","status-publish","format-standard","hentry"],"_links":{"self":[{"href":"http:\/\/clausmoser.de\/blog\/wp-json\/wp\/v2\/posts\/293","targetHints":{"allow":["GET"]}}],"collection":[{"href":"http:\/\/clausmoser.de\/blog\/wp-json\/wp\/v2\/posts"}],"about":[{"href":"http:\/\/clausmoser.de\/blog\/wp-json\/wp\/v2\/types\/post"}],"author":[{"embeddable":true,"href":"http:\/\/clausmoser.de\/blog\/wp-json\/wp\/v2\/users\/1"}],"replies":[{"embeddable":true,"href":"http:\/\/clausmoser.de\/blog\/wp-json\/wp\/v2\/comments?post=293"}],"version-history":[{"count":0,"href":"http:\/\/clausmoser.de\/blog\/wp-json\/wp\/v2\/posts\/293\/revisions"}],"wp:attachment":[{"href":"http:\/\/clausmoser.de\/blog\/wp-json\/wp\/v2\/media?parent=293"}],"wp:term":[{"taxonomy":"category","embeddable":true,"href":"http:\/\/clausmoser.de\/blog\/wp-json\/wp\/v2\/categories?post=293"},{"taxonomy":"post_tag","embeddable":true,"href":"http:\/\/clausmoser.de\/blog\/wp-json\/wp\/v2\/tags?post=293"}],"curies":[{"name":"wp","href":"https:\/\/api.w.org\/{rel}","templated":true}]}}