{"id":330,"date":"2006-01-03T15:45:34","date_gmt":"2006-01-03T14:45:34","guid":{"rendered":"http:\/\/www.clausmoser.com\/?p=330"},"modified":"2006-01-03T15:45:34","modified_gmt":"2006-01-03T14:45:34","slug":"latour-also","status":"publish","type":"post","link":"http:\/\/clausmoser.de\/blog\/2006\/01\/03\/latour-also\/","title":{"rendered":"Latour also"},"content":{"rendered":"<p>Ich hatte grade Zeit, kurz in die erste Pressekonferenz von Hanspeter Latour, dem neuen Trainer des FC, reinzuschalten. Der erste Eindruck: Souver\u00e4n, selbstbewu\u00dft und recht locker, jedenfalls souver\u00e4ner als Marcel Koller jemals r\u00fcberkam. So richtig \u00fcberzeugt bin ich aber nicht, ob das eine funktionierende Mischung sein kann.<!--more--><\/p>\n<p>Es ist sicher keine schlechte Idee, es mit einem Nobody zu versuchen, aber ein Nobody, der immerhin schon 58 ist? In der Schweizer Liga, auf die ich immer noch so mit einem Viertel Auge schaue, hat er zwar einen guten Namen, aber das bezieht sich vor allem auf seine Zeit in Thun. Die Grasshoppers, seine letzte Station, hat er nach der Katastrophensaison 03\/04, zwar wieder einigerma\u00dfen konsolidiert, ohne das Boot jetzt wirklich zu rocken. Insgesamt hat er auch eher bei Vereinen mit beschaulichem Umfeld gearbeitet (Solothurn, Baden, Wil), da geht&#8217;s bei manchem deutschen Regionalligisten aufregender zu. Auf der Pressekonferenz hat er sich ganz gut geschlagen, aber das war bei Huub Stevens anfangs auch nicht anders.<\/p>\n<p>Insgesamt w\u00fcrde ich sagen: Die erste Personalentscheidung der \u00c4ra Meier ist reiner Pragmatismus, eine &#8222;Vision&#8220; kann man da nicht erkennen. Es geht jetzt halt erst mal darum, sich einigerma\u00dfen unfallfrei durch den Rest der Saison zu wursteln. Ob das gut so ist: abwarten.<\/p>\n","protected":false},"excerpt":{"rendered":"<p>Ich hatte grade Zeit, kurz in die erste Pressekonferenz von Hanspeter Latour, dem neuen Trainer des FC, reinzuschalten. Der erste Eindruck: Souver\u00e4n, selbstbewu\u00dft und recht locker, jedenfalls souver\u00e4ner als Marcel Koller jemals r\u00fcberkam. So richtig \u00fcberzeugt bin ich aber nicht, ob das eine funktionierende Mischung sein kann.<\/p>\n","protected":false},"author":1,"featured_media":0,"comment_status":"open","ping_status":"open","sticky":false,"template":"","format":"standard","meta":{"footnotes":""},"categories":[],"tags":[],"class_list":["post-330","post","type-post","status-publish","format-standard","hentry"],"_links":{"self":[{"href":"http:\/\/clausmoser.de\/blog\/wp-json\/wp\/v2\/posts\/330","targetHints":{"allow":["GET"]}}],"collection":[{"href":"http:\/\/clausmoser.de\/blog\/wp-json\/wp\/v2\/posts"}],"about":[{"href":"http:\/\/clausmoser.de\/blog\/wp-json\/wp\/v2\/types\/post"}],"author":[{"embeddable":true,"href":"http:\/\/clausmoser.de\/blog\/wp-json\/wp\/v2\/users\/1"}],"replies":[{"embeddable":true,"href":"http:\/\/clausmoser.de\/blog\/wp-json\/wp\/v2\/comments?post=330"}],"version-history":[{"count":0,"href":"http:\/\/clausmoser.de\/blog\/wp-json\/wp\/v2\/posts\/330\/revisions"}],"wp:attachment":[{"href":"http:\/\/clausmoser.de\/blog\/wp-json\/wp\/v2\/media?parent=330"}],"wp:term":[{"taxonomy":"category","embeddable":true,"href":"http:\/\/clausmoser.de\/blog\/wp-json\/wp\/v2\/categories?post=330"},{"taxonomy":"post_tag","embeddable":true,"href":"http:\/\/clausmoser.de\/blog\/wp-json\/wp\/v2\/tags?post=330"}],"curies":[{"name":"wp","href":"https:\/\/api.w.org\/{rel}","templated":true}]}}