{"id":380,"date":"2006-02-02T16:15:01","date_gmt":"2006-02-02T15:15:01","guid":{"rendered":"http:\/\/www.clausmoser.com\/?p=380"},"modified":"2006-02-02T16:15:01","modified_gmt":"2006-02-02T15:15:01","slug":"posten-und-propheten","status":"publish","type":"post","link":"http:\/\/clausmoser.de\/blog\/2006\/02\/02\/posten-und-propheten\/","title":{"rendered":"Posten und Propheten"},"content":{"rendered":"<p>Es gibt so Situationen, da m\u00f6chte man einfach auch mal die Freiheit haben, sich keine Meinung leisten zu d\u00fcrfen. Vor allem dann, wenn man mit beiden Seiten herzlich wenig zu tun haben m\u00f6chte. So wie in dieser Diskussion um die Mohammed-Karikaturen, die ja nun wirklich derma\u00dfen unwitzig und \u00f6de sind (aber das sind Zeitungskarikaturen doch eigentlich immer), dass ich nun wirklich nicht die mindeste Lust habe, mich daf\u00fcr in irgendeiner Weise zu engagieren. Andererseits, gerade weil die Karikaturen so bl\u00f6d sind, ist es schon etwas unheimlich zu sehen, welche Aufregung dadurch ausgel\u00f6st werden kann. Was passiert dann erst, wenn jemand tats\u00e4chlich mal einen guten Witz macht?<!--more--><\/p>\n<p>Am liebsten m\u00f6chte man sich apathisch wegdrehen: Macht euren Schei\u00df doch unter euch aus. Ich finde beide Seiten herzlich unsympathisch: Leute, die auf einmal mit dem <em>Leben des Brian<\/em> herumwedeln und sonst sofort mit dem Staatsanwalt auf der Matte stehen, wenn jemand Witze \u00fcber die unbefleckte Empf\u00e4ngnis macht. Und die, die f\u00fcr die &#8222;Verletzung religi\u00f6ser Gef\u00fchle&#8220; einen Maulkorb verh\u00e4ngen wollen, als ob sich nicht st\u00e4ndig jemand irgendwie auf den Schlips getreten f\u00fchlt und als ob \u00fcberhaupt irgendjemand irgendwo vern\u00fcnftig erkl\u00e4ren k\u00f6nnte, was das denn sein soll, &#8222;religi\u00f6se Gef\u00fchle&#8220; (oder nationale oder musikalische oder was Leute sonst noch so f\u00fchlen, wenn sie nichts zu tun haben).<\/p>\n<p>Man m\u00f6chte bei so was eigentlich nur die Klappe halten und weglaufen. Aber dann wird das Geplapper um einen herum doch so nervig, dass die Geduld nicht ausreicht und man einfach nur br\u00fcllen m\u00f6chte: Haltet doch bitte einfach mal das Maul. Danke.<\/p>\n<p>Es ist ein Kreuz, mit wem man so den Planeten teilen muss.<\/p>\n","protected":false},"excerpt":{"rendered":"<p>Es gibt so Situationen, da m\u00f6chte man einfach auch mal die Freiheit haben, sich keine Meinung leisten zu d\u00fcrfen. Vor allem dann, wenn man mit beiden Seiten herzlich wenig zu tun haben m\u00f6chte. So wie in dieser Diskussion um die Mohammed-Karikaturen, die ja nun wirklich derma\u00dfen unwitzig und \u00f6de sind (aber das sind Zeitungskarikaturen doch [&hellip;]<\/p>\n","protected":false},"author":1,"featured_media":0,"comment_status":"open","ping_status":"open","sticky":false,"template":"","format":"standard","meta":{"footnotes":""},"categories":[],"tags":[],"class_list":["post-380","post","type-post","status-publish","format-standard","hentry"],"_links":{"self":[{"href":"http:\/\/clausmoser.de\/blog\/wp-json\/wp\/v2\/posts\/380","targetHints":{"allow":["GET"]}}],"collection":[{"href":"http:\/\/clausmoser.de\/blog\/wp-json\/wp\/v2\/posts"}],"about":[{"href":"http:\/\/clausmoser.de\/blog\/wp-json\/wp\/v2\/types\/post"}],"author":[{"embeddable":true,"href":"http:\/\/clausmoser.de\/blog\/wp-json\/wp\/v2\/users\/1"}],"replies":[{"embeddable":true,"href":"http:\/\/clausmoser.de\/blog\/wp-json\/wp\/v2\/comments?post=380"}],"version-history":[{"count":0,"href":"http:\/\/clausmoser.de\/blog\/wp-json\/wp\/v2\/posts\/380\/revisions"}],"wp:attachment":[{"href":"http:\/\/clausmoser.de\/blog\/wp-json\/wp\/v2\/media?parent=380"}],"wp:term":[{"taxonomy":"category","embeddable":true,"href":"http:\/\/clausmoser.de\/blog\/wp-json\/wp\/v2\/categories?post=380"},{"taxonomy":"post_tag","embeddable":true,"href":"http:\/\/clausmoser.de\/blog\/wp-json\/wp\/v2\/tags?post=380"}],"curies":[{"name":"wp","href":"https:\/\/api.w.org\/{rel}","templated":true}]}}