{"id":822,"date":"2008-11-18T13:09:45","date_gmt":"2008-11-18T10:09:45","guid":{"rendered":"http:\/\/www.clausmoser.com\/?p=822"},"modified":"2008-11-18T13:45:56","modified_gmt":"2008-11-18T10:45:56","slug":"auf-den-spuren-des-balkanexpress","status":"publish","type":"post","link":"http:\/\/clausmoser.de\/blog\/2008\/11\/18\/auf-den-spuren-des-balkanexpress\/","title":{"rendered":"Auf den Spuren des Balkanexpress"},"content":{"rendered":"<p><img decoding=\"async\" src=\"http:\/\/farm4.static.flickr.com\/3220\/3036554438_61f27c5513.jpg\" alt=\"Balkan-Express\" \/><\/p>\n<p>&#8222;Balkanexpress&#8220; war der Spitzname f\u00fcr die Bahnlinie, die von Opladen nach Burscheid, Wermelskirchen und Lennep f\u00fchrte. Eine dieser Bezeichnungen, von denen Heimatkundler gerne berichten, dass sie &#8222;im Volksmund&#8220; gel\u00e4ufig seien, was ich immer ein wenig zweifelhaft finde. Ich habe auch noch nie einen K\u00f6lner getroffen, der die K\u00f6ln-Arena tats\u00e4chlich als &#8222;Henkelm\u00e4nnchen&#8220; bezeichnet (von ihrem neuen Spitznamen &#8222;Lanxess-Arena&#8220; mal ganz zu schweigen). Es gibt ja nicht wenige Beispiele, wo man mit ein wenig Nachst\u00f6bern herausfindet, dass der wahre Ursprung solcher Etikettierungen in der Presse liegt, und mehr damit zu tun hat, etwas Neues, Sperriges oder Modernes durch die Einkleidung in eine volkst\u00fcmliche Bezeichnung ein bisschen charmanter wirken zu lassen.<!--more--><\/p>\n<p><img decoding=\"async\" src=\"http:\/\/farm4.static.flickr.com\/3037\/3035698831_87686e18ff.jpg\" alt=\"Balkan-Express\" \/><\/p>\n<p>Keine Ahnung, wer zum ersten Mal auf die Idee kam, die bergische Bahnlinie als Balkanexpress zu bezeichnen. Besonders originell war das auch nicht: Die Assoziation &#8222;Balkan&#8220; = &#8222;\u00e4rmeres\/strukturschwaches\/irgendwie chaotisches Gel\u00e4nde&#8220; h\u00e4lt sich schlie\u00dflich bis heute, und auch in anderen Gegenden gab es Regionalbahnen, die <a href=\"http:\/\/de.wikipedia.org\/wiki\/Balkanexpress\">&#8222;Balkanexpress&#8220; genannt wurden<\/a>. <\/p>\n<p><img decoding=\"async\" src=\"http:\/\/farm4.static.flickr.com\/3187\/3036566618_892645645f.jpg\" alt=\"Balkan-Express\" \/><\/p>\n<p>Befahren wird die Strecke schon lange nicht mehr: Der Express in den bergischen Balkan teilt das Schicksal vieler Regionalstrecken. Mitte der achtziger begann die Stillegung, die letzten Z\u00fcge verkehrten Anfang der Neunziger auf dem Abschnitt zwischen Opladen und Hilgen. Die Gleis- und Signalanlagen sind l\u00e4ngst demontiert. Aber ganz kann man eine Bahnstrecke nat\u00fcrlich nicht verschwinden lassen, und so l\u00e4sst sich ihr Verlauf in der Landschaft immer noch sehr gut erkennen.<\/p>\n<p><img decoding=\"async\" src=\"http:\/\/farm4.static.flickr.com\/3159\/3035740099_f98303c538.jpg\" alt=\"Balkan-Express\" \/><\/p>\n<p>Das liegt vor allem daran, dass die Erbauer der Strecke die Topographie korrigieren mussten, damit die Z\u00fcge den H\u00f6henunterschied bew\u00e4ltigen konnten. Br\u00fccken, Erdw\u00e4lle und tiefe Gr\u00e4ben wurden angelegt und sind zum gro\u00dfen Teil nach wie vor sichtbar. Auch das Schotterbett, auf dem die Gleise ruhten, ist noch an vielen Stellen vorhanden, hier und da sieht man Mauerreste der Befestigungsanlagen oder &#8211; versteckt unter B\u00e4umen &#8211; die fr\u00fchere Plattform eines Bahnsteigs. Bahnhofsgeb\u00e4ude dienen heute als Wohnh\u00e4user oder Lagerschuppen.<\/p>\n<p><img decoding=\"async\" src=\"http:\/\/farm4.static.flickr.com\/3203\/3036601372_f992a9b3c5.jpg\" alt=\"Balkan-Express\" \/><\/p>\n<p>Insgesamt ist die Strecke jedoch komplett verwaist und d\u00e4mmert vor sich hin, als wollte sie dem Klischee einer Landschaft, die aus der Zeit gefallen ist, entsprechen. Nur wenige Spazierg\u00e4nger f\u00fchren Hunde auf selbstgetretenen Trampelpfaden Gassi. Ansonsten schleicht man sich, wie Karl Mays Skipetaren, unterhalb oder hinter den Wohnh\u00e4usern vorbei &#8211; und staunt \u00fcber die Diszipliniertheit der Anwohner, weil kaum jemand die brachliegende Bahnstrecke als wilden Garten oder M\u00fcllplatz zu nutzen scheint. Einige Passagen f\u00fchren auch durch dichten Wald oder sind von Buschwerk \u00fcberwuchert.<\/p>\n<p>Es gab ein paar Versuche, die Bahnlinie wieder zu reaktivieren, aber mittlerweile scheint man sich darauf verst\u00e4ndigt zu haben, hier <a href=\"http:\/\/www.ksta.de\/html\/artikel\/1225702659152.shtml\">einen Radweg anzulegen<\/a>. Die Idee ist nicht schlecht, das w\u00e4re eine gute Alternative zur \u00e4u\u00dferst l\u00e4stigen, weil stark befahrenen B51, der man bisher noch folgen muss. So sch\u00f6n ich einen Radweg aber auch finde: Ein vollwertiger Ersatz f\u00fcr einen gut funktionierenden \u00f6ffentlichen Nahverkehr ist das nicht.<\/p>\n<p>Seltsam ist die Begrifflichkeit: Ein &#8222;Alleenradweg&#8220; soll die Strecke werden. Darunter w\u00fcrde ich mir nun einen Radweg vorstellen, der links und rechts von B\u00e4umen bestanden ist. Es scheint aber so, als ob &#8222;Alleenradweg&#8220; als quasi generischer Begriff gedacht ist f\u00fcr s\u00e4mtliche Radwege, die hier im Bundesland <a href=\"http:\/\/www.beg-nrw.de\/index.php?SITE=beg_28&#038;M=4\">auf alten Bahnstrecken<\/a> entstehen. Vielleicht ist auch das eine Art Namenspolitik, wie die angeblichen Spitznamen des Volksmund: Als ob durch das Bild einer Allee ein Idyll herauf beschworen werden soll, mit dem sich der Verlust der Infrastruktur mildern lie\u00dfe.<\/p>\n","protected":false},"excerpt":{"rendered":"<p>&#8222;Balkanexpress&#8220; war der Spitzname f\u00fcr die Bahnlinie, die von Opladen nach Burscheid, Wermelskirchen und Lennep f\u00fchrte. Eine dieser Bezeichnungen, von denen Heimatkundler gerne berichten, dass sie &#8222;im Volksmund&#8220; gel\u00e4ufig seien, was ich immer ein wenig zweifelhaft finde. Ich habe auch noch nie einen K\u00f6lner getroffen, der die K\u00f6ln-Arena tats\u00e4chlich als &#8222;Henkelm\u00e4nnchen&#8220; bezeichnet (von ihrem neuen [&hellip;]<\/p>\n","protected":false},"author":1,"featured_media":0,"comment_status":"open","ping_status":"open","sticky":false,"template":"","format":"standard","meta":{"footnotes":""},"categories":[],"tags":[],"class_list":["post-822","post","type-post","status-publish","format-standard","hentry"],"_links":{"self":[{"href":"http:\/\/clausmoser.de\/blog\/wp-json\/wp\/v2\/posts\/822","targetHints":{"allow":["GET"]}}],"collection":[{"href":"http:\/\/clausmoser.de\/blog\/wp-json\/wp\/v2\/posts"}],"about":[{"href":"http:\/\/clausmoser.de\/blog\/wp-json\/wp\/v2\/types\/post"}],"author":[{"embeddable":true,"href":"http:\/\/clausmoser.de\/blog\/wp-json\/wp\/v2\/users\/1"}],"replies":[{"embeddable":true,"href":"http:\/\/clausmoser.de\/blog\/wp-json\/wp\/v2\/comments?post=822"}],"version-history":[{"count":4,"href":"http:\/\/clausmoser.de\/blog\/wp-json\/wp\/v2\/posts\/822\/revisions"}],"predecessor-version":[{"id":825,"href":"http:\/\/clausmoser.de\/blog\/wp-json\/wp\/v2\/posts\/822\/revisions\/825"}],"wp:attachment":[{"href":"http:\/\/clausmoser.de\/blog\/wp-json\/wp\/v2\/media?parent=822"}],"wp:term":[{"taxonomy":"category","embeddable":true,"href":"http:\/\/clausmoser.de\/blog\/wp-json\/wp\/v2\/categories?post=822"},{"taxonomy":"post_tag","embeddable":true,"href":"http:\/\/clausmoser.de\/blog\/wp-json\/wp\/v2\/tags?post=822"}],"curies":[{"name":"wp","href":"https:\/\/api.w.org\/{rel}","templated":true}]}}