{"id":850,"date":"2009-01-20T20:59:35","date_gmt":"2009-01-20T17:59:35","guid":{"rendered":"http:\/\/www.clausmoser.com\/?p=850"},"modified":"2009-01-20T20:59:35","modified_gmt":"2009-01-20T17:59:35","slug":"radweg-to-go","status":"publish","type":"post","link":"http:\/\/clausmoser.de\/blog\/2009\/01\/20\/radweg-to-go\/","title":{"rendered":"Radweg to go"},"content":{"rendered":"<p><img decoding=\"async\" src=\"http:\/\/farm4.static.flickr.com\/3426\/3212631378_8106c81e9a_m.jpg\" alt=\"Light Lane\" \/><\/p>\n<p>Bei den glatten Stra\u00dfen heute morgen war&#8217;s kein Vergn\u00fcgen, mit dem Fahrrad durch den K\u00f6lner Stra\u00dfenverkehr zu jonglieren. Es kam wie&#8217;s kommen musste: An einer besonders harmlosen Ecke lag ich pl\u00f6tzlich unter dem Motor eines Lkws der Stadtwerke. Das Ding stand gl\u00fccklicherweise, aber bis ich es dauerte eine panische Sekunde lang, bis ich das gemerkt hatte.<\/p>\n<p>Insofern kann ich den Charme <a href=\"http:\/\/www.yankodesign.com\/2009\/01\/16\/stay-outta-my-lane\/\">dieses Vorschlags<\/a> zur Guerilla-Verkehrsplanung nachvollziehen: Wenn Kommunen kein Geld in die Hand nehmen wollen, um einen Radweg anzulegen, warum nicht einfach ad hoc einen ausleuchten und die Autos auf Abstand halten? Die Idee der Designer Evan Gant und Alex Tee: Laser-L\u00e4mpchen am Rahmen leuchten den Weg, und das Fahrrad-Icon soll wohl noch zus\u00e4tzlich darauf hinweisen, dass man da einen Radler vor sich hat und nicht etwa nur den Reflex der Laufschrift eines Gesch\u00e4fts am Stra\u00dfenrand.<\/p>\n<p>Der Radfahrer auf dem Bild beruft sich dann aber doch vielleicht ein bisschen zu selbstverst\u00e4ndlich auf die Evidenz seiner Guerrilla-Verkehrsplanung &#8211; kein Licht, kein Helm, dunkle Kleidung, kann man nur hoffen, dass da von hinten nicht pl\u00f6tzlich ein Autofahrer mit Rot-Gr\u00fcn-Blindheit aufrauscht.<\/p>\n<p>Aber warum die Idee nur auf Radwege beschr\u00e4nken? Claim your own space! Virtuelle B\u00fcrgersteige f\u00fcr Fu\u00dfg\u00e4nger und Jogger! &#8222;Sprechen Sie mich bitte nicht an&#8220;-Lichtschranken f\u00fcrs Wartezimmer und f\u00fcrs Schlangestehen! Ad-Hoc-Fluchtlicht in \u00f6ffentlichen Parks und Anlagen!<\/p>\n","protected":false},"excerpt":{"rendered":"<p>Bei den glatten Stra\u00dfen heute morgen war&#8217;s kein Vergn\u00fcgen, mit dem Fahrrad durch den K\u00f6lner Stra\u00dfenverkehr zu jonglieren. Es kam wie&#8217;s kommen musste: An einer besonders harmlosen Ecke lag ich pl\u00f6tzlich unter dem Motor eines Lkws der Stadtwerke. Das Ding stand gl\u00fccklicherweise, aber bis ich es dauerte eine panische Sekunde lang, bis ich das gemerkt [&hellip;]<\/p>\n","protected":false},"author":1,"featured_media":0,"comment_status":"open","ping_status":"open","sticky":false,"template":"","format":"standard","meta":{"footnotes":""},"categories":[],"tags":[],"class_list":["post-850","post","type-post","status-publish","format-standard","hentry"],"_links":{"self":[{"href":"http:\/\/clausmoser.de\/blog\/wp-json\/wp\/v2\/posts\/850","targetHints":{"allow":["GET"]}}],"collection":[{"href":"http:\/\/clausmoser.de\/blog\/wp-json\/wp\/v2\/posts"}],"about":[{"href":"http:\/\/clausmoser.de\/blog\/wp-json\/wp\/v2\/types\/post"}],"author":[{"embeddable":true,"href":"http:\/\/clausmoser.de\/blog\/wp-json\/wp\/v2\/users\/1"}],"replies":[{"embeddable":true,"href":"http:\/\/clausmoser.de\/blog\/wp-json\/wp\/v2\/comments?post=850"}],"version-history":[{"count":2,"href":"http:\/\/clausmoser.de\/blog\/wp-json\/wp\/v2\/posts\/850\/revisions"}],"predecessor-version":[{"id":852,"href":"http:\/\/clausmoser.de\/blog\/wp-json\/wp\/v2\/posts\/850\/revisions\/852"}],"wp:attachment":[{"href":"http:\/\/clausmoser.de\/blog\/wp-json\/wp\/v2\/media?parent=850"}],"wp:term":[{"taxonomy":"category","embeddable":true,"href":"http:\/\/clausmoser.de\/blog\/wp-json\/wp\/v2\/categories?post=850"},{"taxonomy":"post_tag","embeddable":true,"href":"http:\/\/clausmoser.de\/blog\/wp-json\/wp\/v2\/tags?post=850"}],"curies":[{"name":"wp","href":"https:\/\/api.w.org\/{rel}","templated":true}]}}