{"id":924,"date":"2009-09-28T17:16:13","date_gmt":"2009-09-28T14:16:13","guid":{"rendered":"http:\/\/www.clausmoser.com\/?p=924"},"modified":"2009-10-15T18:47:01","modified_gmt":"2009-10-15T15:47:01","slug":"karlheinz-stockhausen-platz","status":"publish","type":"post","link":"http:\/\/clausmoser.de\/blog\/2009\/09\/28\/karlheinz-stockhausen-platz\/","title":{"rendered":"Karlheinz-Stockhausen-Platz"},"content":{"rendered":"<p><img decoding=\"async\" src=\"http:\/\/farm3.static.flickr.com\/2569\/3953751251_81ded3ca28.jpg\" alt=\"Karlheinz-Stockhausen-Platz\" \/><\/p>\n<p>Es ist vielleicht nicht gerade ein Platz, der zu transzendentalen Gedanken verleitet oder von Sph\u00e4renkl\u00e4ngen durchrauscht wird. Aber immerhin: K\u00fcrten hat einen Karlheinz-Stockhausen-Platz. Und er liegt auch nicht irgendwo abseits am Rande eines Gewerbegebiets, sondern es ist der Platz vor dem K\u00fcrtener Rathaus, das ihn auch als Postadresse f\u00fchrt.<!--more--><\/p>\n<p><img decoding=\"async\" src=\"http:\/\/farm3.static.flickr.com\/2432\/3953766277_e89b6c83fb.jpg\" alt=\"Karlheinz-Stockhausen-Platz\" \/><\/p>\n<p>Der gr\u00f6\u00dfte Teil der Fl\u00e4che dient als Parkplatz f\u00fcr die Besucher des Rathauses. Vermutlich hat man diese Fl\u00e4che einfach zum Platz deklariert, um etwas zu haben, das man nach Stockhausen benennen konnte, \u00e4hnlich wie es in K\u00f6ln mit dem Heinrich-B\u00f6ll-Platz gemacht wurde. (Die alte Adresse des Rathauses lautete &#8222;Marktfeld 1&#8220;, das Marktfeld gibt es aber nach wie vor neben dem Rathaus.)<\/p>\n<p><img decoding=\"async\" src=\"http:\/\/farm4.static.flickr.com\/3460\/3954543644_5fb9b38c8a.jpg\" alt=\"Karlheinz-Stockhausen-Platz\" \/><\/p>\n<p>Es ist auch nicht gerade viel los, zumindest nicht an diesem Nachmittag aus sp\u00e4tsommerlichem Licht. Das Rathaus liegt nicht direkt in der Mitte des Dorfs, sondern etwas exzentrisch an der Hauptdurchgangsstra\u00dfe. Au\u00dferdem dient der gr\u00f6\u00dfte Teil der Fl\u00e4che als Parkplatz f\u00fcr die Besucher des Rathauses, und au\u00dfer ein paar Autofahrern, die Briefe einwerfen wollen, kommt niemand vorbei. Wirklich einladend ist er auch nicht, trotz der paar B\u00e4nke, die am Rand stehen und von diesen f\u00fcrchterlichen berankten Gitterkonstruktionen beschattet werden. Vielleicht ist die Atmosph\u00e4re etwas lebendiger, wenn hier der Wochenmarkt stattfindet und der Gesang des Handelsvolks an den Verkaufst\u00e4nden \u00fcber den Platz loopt.<\/p>\n<p><img decoding=\"async\" src=\"http:\/\/farm4.static.flickr.com\/3449\/3953759079_4874c801ca.jpg\" alt=\"Karlheinz-Stockhausen-Platz\" \/><\/p>\n<p>Dass Stockhausen dem Platz, der nun nach ihm benannt ist, durchaus verbunden war, kann man <a href=\"http:\/\/www.stockhausen.org\/stockhausen_platz.html\">hier sehen<\/a>: Da steht er vor einem gro\u00dfen \u00dcbertragungswagen des WDR, der vermutlich hier parken musste, weil es keinen anderen ausreichend gro\u00dfen Platz in K\u00fcrten gibt. Ein bi\u00dfchen linkisch sieht er aus, wie ein ehrenamtlicher Helfer, der sich am Rande eines Dorffestes fotografieren l\u00e4sst, aber mit einem seltsamen kleinen Halo um den Kopf, als wollte er einen Spot auf das breit aufgemalte Wort &#8222;Avantgarde&#8220; setzen.<\/p>\n","protected":false},"excerpt":{"rendered":"<p>Es ist vielleicht nicht gerade ein Platz, der zu transzendentalen Gedanken verleitet oder von Sph\u00e4renkl\u00e4ngen durchrauscht wird. Aber immerhin: K\u00fcrten hat einen Karlheinz-Stockhausen-Platz. Und er liegt auch nicht irgendwo abseits am Rande eines Gewerbegebiets, sondern es ist der Platz vor dem K\u00fcrtener Rathaus, das ihn auch als Postadresse f\u00fchrt.<\/p>\n","protected":false},"author":1,"featured_media":0,"comment_status":"open","ping_status":"open","sticky":false,"template":"","format":"standard","meta":{"footnotes":""},"categories":[],"tags":[],"class_list":["post-924","post","type-post","status-publish","format-standard","hentry"],"_links":{"self":[{"href":"http:\/\/clausmoser.de\/blog\/wp-json\/wp\/v2\/posts\/924","targetHints":{"allow":["GET"]}}],"collection":[{"href":"http:\/\/clausmoser.de\/blog\/wp-json\/wp\/v2\/posts"}],"about":[{"href":"http:\/\/clausmoser.de\/blog\/wp-json\/wp\/v2\/types\/post"}],"author":[{"embeddable":true,"href":"http:\/\/clausmoser.de\/blog\/wp-json\/wp\/v2\/users\/1"}],"replies":[{"embeddable":true,"href":"http:\/\/clausmoser.de\/blog\/wp-json\/wp\/v2\/comments?post=924"}],"version-history":[{"count":3,"href":"http:\/\/clausmoser.de\/blog\/wp-json\/wp\/v2\/posts\/924\/revisions"}],"predecessor-version":[{"id":1044,"href":"http:\/\/clausmoser.de\/blog\/wp-json\/wp\/v2\/posts\/924\/revisions\/1044"}],"wp:attachment":[{"href":"http:\/\/clausmoser.de\/blog\/wp-json\/wp\/v2\/media?parent=924"}],"wp:term":[{"taxonomy":"category","embeddable":true,"href":"http:\/\/clausmoser.de\/blog\/wp-json\/wp\/v2\/categories?post=924"},{"taxonomy":"post_tag","embeddable":true,"href":"http:\/\/clausmoser.de\/blog\/wp-json\/wp\/v2\/tags?post=924"}],"curies":[{"name":"wp","href":"https:\/\/api.w.org\/{rel}","templated":true}]}}