{"id":950,"date":"2009-06-30T18:32:59","date_gmt":"2009-06-30T15:32:59","guid":{"rendered":"http:\/\/www.clausmoser.com\/?p=950"},"modified":"2009-06-30T18:32:59","modified_gmt":"2009-06-30T15:32:59","slug":"ko-blick","status":"publish","type":"post","link":"http:\/\/clausmoser.de\/blog\/2009\/06\/30\/ko-blick\/","title":{"rendered":"K\u00f6-Blick"},"content":{"rendered":"<p><img decoding=\"async\" src=\"http:\/\/farm3.static.flickr.com\/2551\/3666197703_fc54b19351.jpg\" alt=\"D\u00fcsseldorf, Haus K\u00f6-Blick\" \/><\/p>\n<p>Ein n\u00e4chtlicher Abriss ist immer spektakul\u00e4r: Kein Verkehrsl\u00e4rm hindert die Ger\u00e4uschkulisse dabei, sich zu entfalten, lautstark krachen Geb\u00e4udetr\u00fcmmer nach unten und donnern von den umliegenden Hausfassaden als Echo zur\u00fcck. Ein riesiger Kran r\u00f6hrt, heult und pult in der Ruine wie ein leicht genervtes Monster; die Stra\u00dfenbeleuchtung malt kleine P\u00fcnktchen in die Staub- und Gischtfont\u00e4nen.<\/p>\n<p>Ausgeweidet und abgerissen wird hier das Haus &#8222;K\u00f6-Blick&#8220; am D\u00fcsseldorfer Graf-Adolf-Platz. Es ist, sagt man uns, ein Abriss, der lange \u00fcberf\u00e4llig war, was vielleicht erkl\u00e4rt, warum man hier mitten in der Nacht noch zugange ist: Es muss wohl schnell gehen.<!--more--><\/p>\n<p>Nur wenige Schaulustige stehen auf der Stra\u00dfe und schauen zu. Die Graf-Adolf-Stra\u00dfe ist eine der wichtigen Verkehrsadern, die durch die Innenstadt laufen, und Verkehrsader bedeutet ja meistens: Links und rechts davon gibt es kein wirkliches Leben, nur Leute, die schnell irgendwohin m\u00fcssen, und nachts sind die auch nicht mehr da. Man kann noch den Rest einer Fassade erkennen, die durchaus ansprechend gegliedert war und einen eleganten F\u00fcnfziger-Jahre-Schwung besa\u00df. (Ein Eindruck, der sich bei einer kleinen Recherche im Internet <a href=\"http:\/\/www.deutsches-architektur-forum.de\/forum\/showpost.php?p=221420&#038;postcount=48\">best\u00e4tigen l\u00e4\u00dft<\/a>.) Das Geb\u00e4udeinnere \u2013 wenigstens das, was man davon noch sehen kann \u2013 wirkt weniger elegant, ein bi\u00dfchen muffig und d\u00fcster k\u00f6nnten die B\u00fcros gewesen sein.<\/p>\n<p><img decoding=\"async\" src=\"http:\/\/farm4.static.flickr.com\/3625\/3666998904_c658011d29.jpg\" alt=\"D\u00fcsseldorf, Haus K\u00f6-Blick\" \/><\/p>\n<p>Das K\u00f6-Blick war sicher kein herausragendes, eher ein generisches Beispiel f\u00fcr die Architektur, die man in den F\u00fcnfzigern, Sechzigern als modern und repr\u00e4sentativ empfand. Die Rheinische Post wei\u00df <a href=http:\/\/www.rp-online.de\/public\/article\/duesseldorf-stadt\/488795\/Schandfleck-verschwindet.html#http:\/\/static.rp-online.de\/layout\/fotos\/HBOHL3oX.jpg>ein bisschen mehr<\/a>:<\/p>\n<blockquote><p>Das Haus mit der \u201erunden Ecke\u201c wurde in den 50er Jahren gebaut. Es war damals in D\u00fcsseldorf eine Attraktion. Ganz oben gab es ein Cafe-Restaurant f\u00fcr gehobene Anspr\u00fcche, das damals auch viel von Messeg\u00e4sten besucht wurde. Alle waren begeistert von dem herrlichen Blick, den man von hier aus auf die gesamte K\u00f6 und die Achse des Stadtgrabens hatte.<\/p><\/blockquote>\n<p><img decoding=\"async\" src=\"http:\/\/farm3.static.flickr.com\/2658\/3674763493_49f6e8196a.jpg\" alt=\"K\u00f6-Blick\" \/><\/p>\n<p>Ein Blick, der einem tats\u00e4chlich nicht viel anderes zu sehen gab als eben das st\u00e4dtische Getriebe, aber damals reichte das als Faszinosum noch aus. Der Name \u201eK\u00f6-Blick\u201c signalisiert ja auch insgeheim: Hier ist man Beobachter, aber nicht unbedingt Teilnehmer. Das passt zu der Lage des Hauses, denn vom wesentlichen Teil der K\u00f6nigsallee ist man durch die mehrspurige Strasse abgetrennt; der \u201eK\u00f6-Blick\u201c schweift eher aus dem Off \u00fcber die Szenerie.<\/p>\n<p>Daran wird der Neubau nicht viel \u00e4ndern, f\u00fcrchte ich. Der soll auch wieder <a href=http:\/\/www.koe-blick.de\/>K\u00f6-Blick<\/a> hei\u00dfen, was vielleicht als Reminiszenz, gemeint ist ebenso wie der Grundcharakter des geplanten Geb\u00e4udes (abgerundete Ecke, zur\u00fcckgestuftes Obergeschoss). Ansonsten ist das eine dieser generischen Glasfassaden, stromlinienf\u00f6rmig und ein bisschen fantasielos \u2013 nichts jedenfalls, was diesem Platz eine besondere Kontur verleihen k\u00f6nnte. Da ist es dann doch ein bisschen schade um das alte Haus, das hier abgerissen wird.<\/p>\n","protected":false},"excerpt":{"rendered":"<p>Ein n\u00e4chtlicher Abriss ist immer spektakul\u00e4r: Kein Verkehrsl\u00e4rm hindert die Ger\u00e4uschkulisse dabei, sich zu entfalten, lautstark krachen Geb\u00e4udetr\u00fcmmer nach unten und donnern von den umliegenden Hausfassaden als Echo zur\u00fcck. Ein riesiger Kran r\u00f6hrt, heult und pult in der Ruine wie ein leicht genervtes Monster; die Stra\u00dfenbeleuchtung malt kleine P\u00fcnktchen in die Staub- und Gischtfont\u00e4nen. Ausgeweidet [&hellip;]<\/p>\n","protected":false},"author":1,"featured_media":0,"comment_status":"open","ping_status":"open","sticky":false,"template":"","format":"standard","meta":{"footnotes":""},"categories":[],"tags":[],"class_list":["post-950","post","type-post","status-publish","format-standard","hentry"],"_links":{"self":[{"href":"http:\/\/clausmoser.de\/blog\/wp-json\/wp\/v2\/posts\/950","targetHints":{"allow":["GET"]}}],"collection":[{"href":"http:\/\/clausmoser.de\/blog\/wp-json\/wp\/v2\/posts"}],"about":[{"href":"http:\/\/clausmoser.de\/blog\/wp-json\/wp\/v2\/types\/post"}],"author":[{"embeddable":true,"href":"http:\/\/clausmoser.de\/blog\/wp-json\/wp\/v2\/users\/1"}],"replies":[{"embeddable":true,"href":"http:\/\/clausmoser.de\/blog\/wp-json\/wp\/v2\/comments?post=950"}],"version-history":[{"count":2,"href":"http:\/\/clausmoser.de\/blog\/wp-json\/wp\/v2\/posts\/950\/revisions"}],"predecessor-version":[{"id":952,"href":"http:\/\/clausmoser.de\/blog\/wp-json\/wp\/v2\/posts\/950\/revisions\/952"}],"wp:attachment":[{"href":"http:\/\/clausmoser.de\/blog\/wp-json\/wp\/v2\/media?parent=950"}],"wp:term":[{"taxonomy":"category","embeddable":true,"href":"http:\/\/clausmoser.de\/blog\/wp-json\/wp\/v2\/categories?post=950"},{"taxonomy":"post_tag","embeddable":true,"href":"http:\/\/clausmoser.de\/blog\/wp-json\/wp\/v2\/tags?post=950"}],"curies":[{"name":"wp","href":"https:\/\/api.w.org\/{rel}","templated":true}]}}