{"id":969,"date":"2009-07-22T13:40:31","date_gmt":"2009-07-22T10:40:31","guid":{"rendered":"http:\/\/www.clausmoser.com\/?p=969"},"modified":"2009-07-22T13:42:29","modified_gmt":"2009-07-22T10:42:29","slug":"ein-club-med-wird-demoliert","status":"publish","type":"post","link":"http:\/\/clausmoser.de\/blog\/2009\/07\/22\/ein-club-med-wird-demoliert\/","title":{"rendered":"Ein Club Med wird demoliert"},"content":{"rendered":"<p><img decoding=\"async\" src=\"http:\/\/farm3.static.flickr.com\/2081\/2083842804_3e7f1bfb05_d.jpg\" alt=\"Club Med, Cap de Creus\" \/><br \/>\n<font size=1>Club Med, Cap de Creus (Photo: <a href=\"http:\/\/www.flickr.com\/photos\/guyjames\/2083842804\/\">Guy James<\/a>)<\/font><\/p>\n<p>Nahe der katalanischen Kommune Cadaqu\u00e9s wird das Areal eines Club Med <a href=\"http:\/\/www.elperiodico.com\/default.asp?idpublicacio_PK=46&#038;idioma=CAS&#038;idnoticia_PK=629145&#038;idseccio_PK=1032\">dem Erdboden gleichgemacht<\/a>. Und zwar im eigentlichsten Wortsinn: Nach dem Willen des spanischen Umweltministeriums soll die Anlage (bis auf einige wenige Einrichtungen) komplett verschwinden und der Wildnis \u00fcberlassen werden. Das Gel\u00e4nde befindet sich mitten in einem Naturschutzgebiet, dem <a href=\"http:\/\/de.wikipedia.org\/wiki\/Cap_de_Creus\">Parc Natural del Cap de Creus<\/a>, und in diesen Park soll es nun auch eingegliedert werden.<!--more--><\/p>\n<p>Man k\u00f6nnte in diesem Akt eine symbolische Geste sehen: Eine Art \u00f6kologische Wiedergutmachung an der Natur, die durch den Massentourismus oft genug strapaziert wird. Die offiziellen Verlautbarungen legen so eine Deutung jedenfalls nahe, zumal man auch auff\u00e4llig darauf bedacht ist, die umweltschonenden Aspekte schon der Zerst\u00f6rung selbst zu betonen: Staubentwicklung soll m\u00f6glichst vermieden werden; vor Ort werden allenfalls Materialien entsorgt, die auch tats\u00e4chlich von dort stammen; wo n\u00f6tig, werden Arbeit von Hand erledigt statt mit schweren Maschinen. Insgesamt investiert das spanische Umweltministerium <a href=\"http:\/\/www.mapa.es\/gabinete\/nota.asp?codi=21139_AT130309&#038;literal=creus\">nach eigenen Angaben<\/a> rund drei Millionen Euro in die Aktion, zus\u00e4tzlich zu den f\u00fcnf Millionen Euro, die der Erwerb des Gel\u00e4ndes gekostet haben soll.<\/p>\n<p>Die W\u00fcstung ist aber sicher nicht nur eine \u00f6kologische, sondern auch eine politische Geste. Das Zeitalter des Massentourismus begann in Spanien in den fr\u00fchen Sechziger Jahren, als das Franco-Regime entschied, dass eine vorsichtige \u00d6ffnung der politischen und wirtschaftlichen Isolation an der Zeit w\u00e4re. Die Folgen des daraus resultierenden Bau-Booms sieht man von Cadaqu\u00e9s bis Huelva noch heute, und es ist ja kein Geheimnis, dass Investitionen und Entscheidungen oft genug auf grauen Kan\u00e4len, \u00fcber lokale und regionale Bedenken hinweg in Bewegung gesetzt wurden, von Umweltschutz-Kriterien ganz zu schweigen. Die Feriensiedlung in Cadaqu\u00e9s d\u00fcrfte auch nicht ganz auf dem Boden der Legalit\u00e4t gebaut worden sein (wie <a href=\"http:\/\/www.plongeur.com\/forums\/showthread.php?t=9098\">hier<\/a> in einem Taucherforum angedeutet). Gerade in einer selbstbewussten Region wie Katalonien ist das auch ein politisches Thema: Die Zubetonierung der Str\u00e4nde gilt vielen als augenf\u00e4lliger Beleg f\u00fcr die Bevormundung durch das Regime in Madrid.<\/p>\n<p>Die Demolierung des Club Med von Cadaqu\u00e9s markiert nun nicht unbedingt eine Trendwende, dazu gibt&#8217;s am gerade am spanischen Mittelmeer auch zu viele Gegenbeispiele: Ich kenne auch nicht viele andere F\u00e4lle, in denen mit \u00e4hnlicher Konsequenz und Radikalit\u00e4t vorgegangen wird (und ob tats\u00e4chlich alle durchgef\u00fchrten Ma\u00dfnahmen \u00f6kologisch und nachhaltig sinnvoll sind, m\u00fc\u00dfte man noch im Detail \u00fcberpr\u00fcfen). Gleichwohl ist die W\u00fcstung dieses Feriendorfes ein Akt negativer Architektur (um&#8217;s mal so zu nennen), in dem verschiedene aktuelle Diskussionen sichtbar und durch eine Art R\u00fccknahme und Tilgung beantwortet werden. Und man kann daran sehen, dass auch radikale Ma\u00dfnahmen m\u00f6glich sind, wenn der politische Wille da ist.<\/p>\n<p>Eine gewisse Symbolik konnte man der Anlage schon in den vergangenen Jahren beimessen. Das Clubdorf stand etwa seit Beginn des Jahrtausends leer, und das h\u00e4ngt zu einem guten Teil auch mit der Identit\u00e4tskrise zusammen, die der Club Med seit Jahren durchmacht. Der Pionier des Pauschaltourismus, dessen Konzept von Houellebecq zum Paradigma einer vergn\u00fcgungss\u00fcchtigen All-inclusive-Gesellschaft stilisiert wurde, sucht seit den Neunzigern nach einem neuen Profil. Im Zuge der verschiedenen Neupositionierungen und Restrukturierungen wurden Anfang des Jahrtausends viele Anlagen verkauft oder einfach dicht gemacht, darunter auch die in Cadaqu\u00e9s. Kurioserweise wird die Anlage auf der <a href=\"http:\/\/www.club-med.de\/club-med-anlage-132.html\">deutschen Website des Club Med<\/a> noch beworben &#8211; &#8222;Ein Clubdorf in unvergleichlicher Lage, versteckt in einer unber\u00fchrten Bucht des Mittelmeers, geeignet f\u00fcr Liebhaber von Tauchen und Kampfsport&#8220; &#8211; allerdings mit dem Hinweis: &#8222;Dieses Clubdorf muss speziell bei Club Med angefragt werden, da es auf dem deutschen Markt nicht mehr angeboten wird.&#8220;<\/p>\n<p><font size=1>F\u00fcr diejenigen, deren Katalanisch einigermassen sattelfest ist, gibt es bei <em>YouTube<\/em> einige Beitr\u00e4ge des Lokalsenders <a href=\"www.canalnord.tv\/index2.html\">Canal Nord TV<\/a>, zum Beispiel <a href=\"http:\/\/www.youtube.com\/watch?v=fxAXilYUPWE\">hier<\/a>.<\/font><\/p>\n","protected":false},"excerpt":{"rendered":"<p>Club Med, Cap de Creus (Photo: Guy James) Nahe der katalanischen Kommune Cadaqu\u00e9s wird das Areal eines Club Med dem Erdboden gleichgemacht. Und zwar im eigentlichsten Wortsinn: Nach dem Willen des spanischen Umweltministeriums soll die Anlage (bis auf einige wenige Einrichtungen) komplett verschwinden und der Wildnis \u00fcberlassen werden. Das Gel\u00e4nde befindet sich mitten in einem [&hellip;]<\/p>\n","protected":false},"author":1,"featured_media":0,"comment_status":"open","ping_status":"open","sticky":false,"template":"","format":"standard","meta":{"footnotes":""},"categories":[],"tags":[],"class_list":["post-969","post","type-post","status-publish","format-standard","hentry"],"_links":{"self":[{"href":"http:\/\/clausmoser.de\/blog\/wp-json\/wp\/v2\/posts\/969","targetHints":{"allow":["GET"]}}],"collection":[{"href":"http:\/\/clausmoser.de\/blog\/wp-json\/wp\/v2\/posts"}],"about":[{"href":"http:\/\/clausmoser.de\/blog\/wp-json\/wp\/v2\/types\/post"}],"author":[{"embeddable":true,"href":"http:\/\/clausmoser.de\/blog\/wp-json\/wp\/v2\/users\/1"}],"replies":[{"embeddable":true,"href":"http:\/\/clausmoser.de\/blog\/wp-json\/wp\/v2\/comments?post=969"}],"version-history":[{"count":3,"href":"http:\/\/clausmoser.de\/blog\/wp-json\/wp\/v2\/posts\/969\/revisions"}],"predecessor-version":[{"id":991,"href":"http:\/\/clausmoser.de\/blog\/wp-json\/wp\/v2\/posts\/969\/revisions\/991"}],"wp:attachment":[{"href":"http:\/\/clausmoser.de\/blog\/wp-json\/wp\/v2\/media?parent=969"}],"wp:term":[{"taxonomy":"category","embeddable":true,"href":"http:\/\/clausmoser.de\/blog\/wp-json\/wp\/v2\/categories?post=969"},{"taxonomy":"post_tag","embeddable":true,"href":"http:\/\/clausmoser.de\/blog\/wp-json\/wp\/v2\/tags?post=969"}],"curies":[{"name":"wp","href":"https:\/\/api.w.org\/{rel}","templated":true}]}}